{"id":677,"date":"2011-04-25T23:09:12","date_gmt":"2011-04-25T21:09:12","guid":{"rendered":"http:\/\/www.nopogobiker.de\/blog\/?p=677"},"modified":"2011-06-10T21:07:45","modified_gmt":"2011-06-10T19:07:45","slug":"wieder-viel-rad-und-saisoneinstand-auf-dem-rad","status":"publish","type":"post","link":"http:\/\/www.nopogobiker.de\/blog\/wieder-viel-rad-und-saisoneinstand-auf-dem-rad\/","title":{"rendered":"Wieder viel Rad &#8211; und Saisoneinstand auf dem Rad"},"content":{"rendered":"<p>Was ein Wochenende. Bestes Wetter und reichlich Zeit auf dem Rad verbracht.<\/p>\n<p>Freitag haben Julia und ich den freien Tag genutzt, um mit dem Rad nach Neuss zu fahren. Das Aufstehen war zwar recht anstrengend, aber nachdem wir dann einmal los gekommen sind, machte die Tour sogar massiv Spa\u00c3\u0178. Gl\u00c3\u00bcck hatten wir auch, da wir gr\u00c3\u00b6\u00c3\u0178tenteils R\u00c3\u00bcckenwind hatten und so recht gut voran kamen. Bis Altenkirchen war die Strecke wie bekannt recht anspruchsvoll &#8211; vor allem der Westerwald ist mehr als anspruchsvoll, daf\u00c3\u00bcr wird man von einer klasse Landschaft entlohnt.<\/p>\n<p>Hier einige Bilder: Los ging es \u00c3\u00bcber den Feldberg:<\/p>\n<p><img loading=\"lazy\" src=\"http:\/\/www.nopogobiker.de\/blog\/wp-content\/uploads\/2011\/04\/IMGP1290.jpg\" width=\"480\" height=\"360\" alt=\"IMGP1290.JPG\" \/><\/p>\n<p>Dann durch den Westerwald:<\/p>\n<p><img loading=\"lazy\" src=\"http:\/\/www.nopogobiker.de\/blog\/wp-content\/uploads\/2011\/04\/IMGP1292.jpg\" width=\"480\" height=\"360\" alt=\"IMGP1292.JPG\" \/><\/p>\n<p>Durch K\u00c3\u00b6ln schlie\u00c3\u0178lich bis an den Rhein:<\/p>\n<p><img loading=\"lazy\" src=\"http:\/\/www.nopogobiker.de\/blog\/wp-content\/uploads\/2011\/04\/IMGP1293.jpg\" width=\"480\" height=\"360\" alt=\"IMGP1293.JPG\" \/><\/p>\n<p>Bis nach Neuss, wo es dann auch eine Belohnung gab:<\/p>\n<p>\n<img loading=\"lazy\" src=\"http:\/\/www.nopogobiker.de\/blog\/wp-content\/uploads\/2011\/04\/IMGP1295.jpg\" width=\"480\" height=\"360\" alt=\"IMGP1295.JPG\" \/><\/p>\n<p>Samstag waren Juli und ich dann nat\u00c3\u00bcrlich etwas geschafft, dennoch wollten wir etwas an Niederrhein die Beine locker fahren. So fuhren wir zu meinem alten Internat an der holl\u00c3\u00a4ndischen Grenze:<\/p>\n<p><img loading=\"lazy\" src=\"http:\/\/www.nopogobiker.de\/blog\/wp-content\/uploads\/2011\/04\/IMGP1297.jpg\" width=\"480\" height=\"360\" alt=\"IMGP1297.JPG\" \/> <img loading=\"lazy\" src=\"http:\/\/www.nopogobiker.de\/blog\/wp-content\/uploads\/2011\/04\/IMGP1298.jpg\" width=\"480\" height=\"360\" alt=\"IMGP1298.JPG\" \/><\/p>\n<p>waren dann noch kurz in Bergen shoppen:<\/p>\n<p><img loading=\"lazy\" src=\"http:\/\/www.nopogobiker.de\/blog\/wp-content\/uploads\/2011\/04\/IMGP1296.jpg\" width=\"480\" height=\"360\" alt=\"IMGP1296.JPG\" \/><\/p>\n<p>Um dann wieder mit gut R\u00c3\u00bcckenwind heim zu fahren. Es wurden dann wieder etwas mehr Kilometer, aber das Wetter war wieder bestens und das muss man ja einfach ausnutzen.<\/p>\n<p>Sonntag haben wir es dann wirklich ruhig angehen lassen. Wir sind lediglich nach K\u00c3\u00b6ln gefahren, um dort den Mietwagen f\u00c3\u00bcr unsere R\u00c3\u00bcckfahrt am Montag abzuholen. Da ich wieder einmal etwas getr\u00c3\u00b6delt hatte, gab es nur noch in K\u00c3\u00b6ln einen Wagen. War aber kein Problem, etwas Vorbelastung f\u00c3\u00bcr den Montag konnte ja nicht schaden.<\/p>\n<p>Der Montag war dann der absolute Horror. Wieder einmal stand das Rennen Rund um K\u00c3\u00b6ln an und unser Team war mit fast kompletter Mannschaft angetreten. Nat\u00c3\u00bcrlich ist man vor solch einem Rennen immer etwas nerv\u00c3\u00b6s, doch was dann kam, hatte ich zumindest nicht erwartet: es knallte und krachte beinahe st\u00c3\u00a4ndig. Alleine ich wurde drei mal von einem Massensturz aufgehalten und musste mein Rad um die verknoteten R\u00c3\u00a4der tragen. Ergebnis f\u00c3\u00bcr unser Team: von 12 Startern 4 gest\u00c3\u00bcrzt, Ingo mit abgerissenem Band in der Schulter, Rad in mehrere Teile zerbrochen, Adrian gest\u00c3\u00bcrzt, aber gl\u00c3\u00bccklicherweise nicht viel passiert, ebenso Fabian. Philipp schlie\u00c3\u0178lich auch einen Abgang, aber nur das Knie aufgeschlagen. Das alles ist aber nicht harmlos: auch wenn das nun hart wird. W\u00c3\u00a4hrend einer Abfahrt gab es einen Massensturz in den auch ein Motorrad verwickelt war. Ich hatte wieder Gl\u00c3\u00bcck, da ich noch bremsen konnte und mein Rad um den Sturz herum tragen konnte. ein anderer Fahrer hat es aber nicht geschafft und als ich wieder auf mein Rad steigen wollte, sah ich, warum der so schrie: da lag ein Fingerst\u00c3\u00bcck auf der Stra\u00c3\u0178e. Danach hatte ich genug: ich wollte nur noch heile durchkommen, was mir auch gelungen ist. Irgendwie vergeht einem nach solch einem Rennen der Spa\u00c3\u0178 auf Rennen fahren. Das braucht wirklich keiner&#8230;.<\/p>\n<p>Morgen geht es nun wieder f\u00c3\u00bcr zwei Tage nach Basel, von dort weiter nach Wien und Freitag Abend komm ich dann heim, dann steht schon das n\u00c3\u00a4chste Rennen an: diesmal ein EZF im Gel\u00c3\u00a4nde &#8211; das wird ein Spa\u00c3\u0178: Keine Felder, hoffentlich keine Massenst\u00c3\u00bcrze&#8230;<\/p>\n","protected":false},"excerpt":{"rendered":"<p>Hier einige Bilder: Los ging es \u00c3\u00bcber den Feldberg: <img loading=\"lazy\" src=\"http:\/\/www.nopogobiker.de\/blog\/wp-content\/uploads\/2011\/04\/IMGP1290.jpg\" width=\"480\" height=\"360\" alt=\"IMGP1290.JPG\" \/> Dann durch den Westerwald: <img loading=\"lazy\" src=\"http:\/\/www.nopogobiker.de\/blog\/wp-content\/uploads\/2011\/04\/IMGP1292.jpg\" width=\"480\" height=\"360\" alt=\"IMGP1292.JPG\" \/> Durch K\u00c3\u00b6ln schlie\u00c3\u0178lich bis an den Rhein: Bis nach Neuss: Wo es dann auch eine Belohnung gab: Samstag waren Juli und ich dann nat\u00c3\u00bcrlich etwas geschafft, dennoch wollten wir etwas an Niederrhein die Beine locker fahren. &#8230; Ich hatte wieder Gl\u00c3\u00bcck, da ich noch bremsen konnte und mein Rad um den Sturz herum tragen konnte. ein anderer Fahrer hat es aber nicht geschafft und als ich wieder auf mein Rad steigen wollte, sah ich, warum der so schrie: da lag ein Fingerst\u00c3\u00bcck auf der Stra\u00c3\u0178e.<\/p>\n<p> <a href=\"http:\/\/www.nopogobiker.de\/blog\/wieder-viel-rad-und-saisoneinstand-auf-dem-rad\/\">Continue reading <span class=\"meta-nav\">&rarr;<\/span><\/a><\/p>\n","protected":false},"author":1,"featured_media":0,"comment_status":"open","ping_status":"closed","sticky":false,"template":"","format":"standard","meta":[],"categories":[3],"tags":[],"_links":{"self":[{"href":"http:\/\/www.nopogobiker.de\/blog\/wp-json\/wp\/v2\/posts\/677"}],"collection":[{"href":"http:\/\/www.nopogobiker.de\/blog\/wp-json\/wp\/v2\/posts"}],"about":[{"href":"http:\/\/www.nopogobiker.de\/blog\/wp-json\/wp\/v2\/types\/post"}],"author":[{"embeddable":true,"href":"http:\/\/www.nopogobiker.de\/blog\/wp-json\/wp\/v2\/users\/1"}],"replies":[{"embeddable":true,"href":"http:\/\/www.nopogobiker.de\/blog\/wp-json\/wp\/v2\/comments?post=677"}],"version-history":[{"count":3,"href":"http:\/\/www.nopogobiker.de\/blog\/wp-json\/wp\/v2\/posts\/677\/revisions"}],"predecessor-version":[{"id":717,"href":"http:\/\/www.nopogobiker.de\/blog\/wp-json\/wp\/v2\/posts\/677\/revisions\/717"}],"wp:attachment":[{"href":"http:\/\/www.nopogobiker.de\/blog\/wp-json\/wp\/v2\/media?parent=677"}],"wp:term":[{"taxonomy":"category","embeddable":true,"href":"http:\/\/www.nopogobiker.de\/blog\/wp-json\/wp\/v2\/categories?post=677"},{"taxonomy":"post_tag","embeddable":true,"href":"http:\/\/www.nopogobiker.de\/blog\/wp-json\/wp\/v2\/tags?post=677"}],"curies":[{"name":"wp","href":"https:\/\/api.w.org\/{rel}","templated":true}]}}