{"id":525,"date":"2011-01-02T12:36:51","date_gmt":"2011-01-02T10:36:51","guid":{"rendered":"http:\/\/www.nopogobiker.de\/blog\/?p=525"},"modified":"2011-01-02T12:39:50","modified_gmt":"2011-01-02T10:39:50","slug":"ganz-alleine-auf-dem-berg","status":"publish","type":"post","link":"http:\/\/www.nopogobiker.de\/blog\/ganz-alleine-auf-dem-berg\/","title":{"rendered":"Ganz alleine auf dem Berg"},"content":{"rendered":"<p>Dieses Silvester wollten Julia und ich mal ganz anders als in den letzten Jahren verbringen und so hatten wir uns vorgenommen, auf der Weilheimer H\u00c3\u00bctte am Krottenkopf in den Bayrischen Voralpen zu feiern. Der Plan sah vor, von Kr\u00c3\u00bcn mit Ski aufzusteigen, einen Tag oben auf der H\u00c3\u00bctte zu verbringen und Sonntag wieder runter und heim. Die Tour sollte technisch nicht sonderlich schwer sein, lediglich recht lang und konditionell anspruchsvoll &#8211; immerhin galt es ca. 1200hm aufzusteigen.<\/p>\n<p>Das merkten wir dann auch schon w\u00c3\u00a4hrend des Aufstiegs bei bestem Wetter: statt der geplanten 5-6 Stunden waren wir \u00c3\u00bcber 7 Stunden unterwegs und komplett am Ende als wir an der H\u00c3\u00bctte ankamen. Dies lag wohl auch daran,d ass wir das letzte St\u00c3\u00bcck zur H\u00c3\u00bctte nicht \u00c3\u00bcber den Normalweg gingen, sondern bereits vorhandenen Schneeschuh Spuren folgten, die beinahe direkt zur H\u00c3\u00bctte f\u00c3\u00bchrten &#8211; und dabei auch einen steilen Hang hinauf gingen, den wir mit den Ski nicht rauf kamen und diese daher tragen mussten &#8211; ich glaube alleine f\u00c3\u00bcr die letzten 500m haben wir \u00c3\u00bcber eine Stunde gebraucht.<\/p>\n<table style=\"width: auto\">\n<tr>\n<td><a href=\"http:\/\/picasaweb.google.com\/lh\/photo\/OVrNZ_FA4m_W5AgPvmHgIg?feat=embedwebsite\"><img loading=\"lazy\" src=\"http:\/\/lh4.ggpht.com\/_JXr89ohql8g\/TSBHCNG3tSI\/AAAAAAAAXEM\/HrB1D8296wA\/s400\/IMGP0972.JPG\" height=\"300\" width=\"400\" \/><\/a><\/td>\n<\/tr>\n<\/table>\n<p>Der Winterraum der H\u00c3\u00bctte war daf\u00c3\u00bcr perfekt: recht sauber und komplett leer, so dass wir ganz alleine waren. Schnell war er auch einigerma\u00c3\u0178en warm, so dass wir es schnell gem\u00c3\u00bctlich hatten, w\u00c3\u00a4hrend es drau\u00c3\u0178en doch arg kalt wurde.<\/p>\n<table style=\"width: auto\">\n<tr>\n<td><a href=\"http:\/\/picasaweb.google.com\/lh\/photo\/6aCHF6fVWjWwCk55ENR9ow?feat=embedwebsite\"><img loading=\"lazy\" src=\"http:\/\/lh5.ggpht.com\/_JXr89ohql8g\/TSBHKhF2piI\/AAAAAAAAXE8\/YwnlBEb04Cw\/s400\/DSCN0599.JPG\" height=\"300\" width=\"400\" \/><\/a><\/td>\n<\/tr>\n<\/table>\n<p>Nachdem wir dann etwas gegessen hatten, waren wir so geschafft, dass wir bis ca. 23:30 schliefen, und nur zum Jahreswechsel noch einmal aufstanden. Drau\u00c3\u0178en war es nun eisig kalt, aber daf\u00c3\u00bcr hatten wir eine absolut sternenklare Nacht und einen fantastischen Sternenhimmel, w\u00c3\u00a4hrend die T\u00c3\u00a4ler unter uns im Nebel lagen, so dass wir die Feuerwerke nicht sehen konnten. Relativ bald jedoch verkrochen wir uns wieder im Winterraum, stie\u00c3\u0178en noch einmal auf das neue JAHRZEHNT an und legten uns dann wieder schlafen.<\/p>\n<p>Am n\u00c3\u00a4chsten Morgen stiegen wir dann schon wieder ab, da wir doch nicht erst am Sonntag heim fahren wollten &#8211; das w\u00c3\u00a4re uns zu stressig geworden und vermutlich h\u00c3\u00a4tten wir doppelt so lange im R\u00c3\u00bcckreiseverkehr gebraucht. Also Ski an, Bindung auf Abfahrt und ab. Soweit der Plan, es dauerte dann doch etwas l\u00c3\u00a4nger. Direkt ab der H\u00c3\u00bctte ging es den sehr steilen Hang hinunter, den wir extrem vorsichtig abfuhren, da wir vor allem heil unten ankommen wollten. Ging aber alles gut.<\/p>\n<p><a href=\"http:\/\/picasaweb.google.com\/lh\/photo\/VzgeaFmWIZ5JhV7mb3seEA?feat=embedwebsite\"><img loading=\"lazy\" src=\"http:\/\/lh4.ggpht.com\/_JXr89ohql8g\/TSBHOE83hXI\/AAAAAAAAXFQ\/ZM1IFW_XtUU\/s400\/IMGP0978.JPG\" height=\"300\" width=\"400\" \/><\/a><a href=\"http:\/\/picasaweb.google.com\/lh\/photo\/VzgeaFmWIZ5JhV7mb3seEA?feat=embedwebsite\"><\/a><a href=\"http:\/\/picasaweb.google.com\/lh\/photo\/VzgeaFmWIZ5JhV7mb3seEA?feat=embedwebsite\"><\/a><a href=\"http:\/\/picasaweb.google.com\/lh\/photo\/VzgeaFmWIZ5JhV7mb3seEA?feat=embedwebsite\"><\/a><a href=\"http:\/\/picasaweb.google.com\/lh\/photo\/VzgeaFmWIZ5JhV7mb3seEA?feat=embedwebsite\"><\/a><br \/>\nZwei Gegensteigungen lang mussten wir die Ski wieder tragen, was wieder ein Heidenspa\u00c3\u0178 war &#8211; in der prallen Sonne wurde es dabei doch arg warm.<br \/>\n<a href=\"http:\/\/picasaweb.google.com\/lh\/photo\/R19dJwtLtNZEAImrkBMK5g?feat=embedwebsite\"><img loading=\"lazy\" src=\"http:\/\/lh4.ggpht.com\/_JXr89ohql8g\/TSBHPUFW0mI\/AAAAAAAAXFU\/uD2TSnW2Bg0\/s400\/IMGP0979.JPG\" height=\"300\" width=\"400\" \/><\/a><br \/>\nSchlie\u00c3\u0178lich ging es auf einem Ziehweg bis ins Tal, den auch Julia relativ gut abfahren konnte &#8211; ok, an der Haltung arbeiten wir noch:<br \/>\n<a href=\"http:\/\/picasaweb.google.com\/lh\/photo\/upPOE8sKOQBgbII3b5NOSg?feat=embedwebsite\"><img loading=\"lazy\" src=\"http:\/\/lh3.ggpht.com\/_JXr89ohql8g\/TSBHWyjvCkI\/AAAAAAAAXF0\/eE5roJEOAGc\/s400\/IMGP0986.JPG\" height=\"300\" width=\"400\" \/><\/a><br \/>\nZur\u00c3\u00bcck im Tal mussten wir dann noch einmal unsere Ski ca. 2km tragen, bis wir endlich wieder am Auto ankamen und wir endlich wieder bequeme Schuhe anziehen konnten.<\/p>\n<table style=\"width: auto\">\n<tr>\n<td><a href=\"http:\/\/picasaweb.google.com\/lh\/photo\/MyPiADbyz2WGqvfJNA2gbw?feat=embedwebsite\"><img loading=\"lazy\" src=\"http:\/\/lh5.ggpht.com\/_JXr89ohql8g\/TSBHXzjVkUI\/AAAAAAAAXF4\/BPiKFUvVQJY\/s400\/IMGP0987.JPG\" height=\"400\" width=\"300\" \/><\/a><\/td>\n<\/tr>\n<\/table>\n<p>Ich war wieder mal besonders ungeschickt und hatte vergessen meine F\u00c3\u00bc\u00c3\u0178e richtig abzukleben, so dass ich auch ein kleines Andenken behalten habe:<\/p>\n<table style=\"width: auto\">\n<tr>\n<td><a href=\"http:\/\/picasaweb.google.com\/lh\/photo\/r6d_cZBprj3m_CXy4RsMBQ?feat=embedwebsite\"><img loading=\"lazy\" src=\"http:\/\/lh4.ggpht.com\/_JXr89ohql8g\/TSBHYc1a9PI\/AAAAAAAAXF8\/pE2sdOc16r4\/s400\/DSCN0601.JPG\" height=\"300\" width=\"400\" \/><\/a><\/td>\n<\/tr>\n<tr>\n<td style=\"font-family: arial,sans-serif; font-size: 11px; text-align: right\">Von <a href=\"http:\/\/picasaweb.google.com\/alexander.nikolopoulos\/2010Silvester?feat=embedwebsite\">2010 Silvester<\/a><\/td>\n<\/tr>\n<\/table>\n<p>Und f\u00c3\u00bcr die Statistik: Aufstieg:<br \/>\n<iframe src=\"http:\/\/connect.garmin.com:80\/activity\/embed\/61514668\" frameborder=\"0\" height=\"548\" width=\"465\"><\/iframe><br \/>\nAbstieg:<br \/>\n<iframe src=\"http:\/\/connect.garmin.com:80\/activity\/embed\/61514665\" frameborder=\"0\" height=\"548\" width=\"465\"><\/iframe><\/p>\n","protected":false},"excerpt":{"rendered":"<p>Dieses Silvester wollten Julia und ich mal ganz anders als in den letzten Jahren verbringen und so hatten wir uns vorgenommen, auf der Weilheimer H\u00c3\u00bctte am Krottenkopf in den Bayrischen Voralpen zu feiern. Der Plan sah vor, von Kr\u00c3\u00bcn mit &hellip; <a href=\"http:\/\/www.nopogobiker.de\/blog\/ganz-alleine-auf-dem-berg\/\">Continue reading <span class=\"meta-nav\">&rarr;<\/span><\/a><\/p>\n","protected":false},"author":1,"featured_media":0,"comment_status":"open","ping_status":"closed","sticky":false,"template":"","format":"standard","meta":[],"categories":[1,3],"tags":[],"_links":{"self":[{"href":"http:\/\/www.nopogobiker.de\/blog\/wp-json\/wp\/v2\/posts\/525"}],"collection":[{"href":"http:\/\/www.nopogobiker.de\/blog\/wp-json\/wp\/v2\/posts"}],"about":[{"href":"http:\/\/www.nopogobiker.de\/blog\/wp-json\/wp\/v2\/types\/post"}],"author":[{"embeddable":true,"href":"http:\/\/www.nopogobiker.de\/blog\/wp-json\/wp\/v2\/users\/1"}],"replies":[{"embeddable":true,"href":"http:\/\/www.nopogobiker.de\/blog\/wp-json\/wp\/v2\/comments?post=525"}],"version-history":[{"count":0,"href":"http:\/\/www.nopogobiker.de\/blog\/wp-json\/wp\/v2\/posts\/525\/revisions"}],"wp:attachment":[{"href":"http:\/\/www.nopogobiker.de\/blog\/wp-json\/wp\/v2\/media?parent=525"}],"wp:term":[{"taxonomy":"category","embeddable":true,"href":"http:\/\/www.nopogobiker.de\/blog\/wp-json\/wp\/v2\/categories?post=525"},{"taxonomy":"post_tag","embeddable":true,"href":"http:\/\/www.nopogobiker.de\/blog\/wp-json\/wp\/v2\/tags?post=525"}],"curies":[{"name":"wp","href":"https:\/\/api.w.org\/{rel}","templated":true}]}}