{"id":4390,"date":"2019-05-26T19:57:20","date_gmt":"2019-05-26T17:57:20","guid":{"rendered":"http:\/\/www.nopogobiker.de\/blog\/?p=4390"},"modified":"2019-05-26T19:57:20","modified_gmt":"2019-05-26T17:57:20","slug":"andy-schleck-gran-fondo","status":"publish","type":"post","link":"http:\/\/www.nopogobiker.de\/blog\/andy-schleck-gran-fondo\/","title":{"rendered":"Andy Schleck Gran Fondo"},"content":{"rendered":"<p>Gestern waren Julia und ich beim Gran Fondo Andy Schleck in Luxemburg. Hier trafen wir noch zwei Teamkollegen und bei bestem Wetter ging es auf die gro\u00c3\u0178e Runde. Bei mir lief es sehr gut. Ich hatte Bedenken, da die letzte Arbeitswoche doch arg stressig gewesen war und ich nicht wirklich viel geschlafen hatte, aber anscheinend ist es ein gutes Zeichen, wenn ich mich am Tag vor einem Rennen richtig schlecht f\u00c3\u00bchle \ud83d\ude09 Ich konnte mit der Spitzengruppe mithalten und zusammen mit Holger vom Tam Strassacker richtig Tempo machen. Eine Attacke unsererseits klappte leider nicht und so kamen wir mit einer gr\u00c3\u00b6\u00c3\u0178eren Gruppe ins Ziel, wo dann der Spring entscheiden sollte &#8211; das kann ich ja nun mal so gar nicht, und so wurde ich dann 20ter von gef\u00c3\u00bchlt 22 Fahrern in meiner Gruppe. Aber egal. Spa\u00c3\u0178 hat es gemacht und wenn ich wollte, w\u00c3\u00a4re ich sogar f\u00c3\u00bcr die WM qualifiziert. Die findet allerdings in Posen statt und der Kurs da ist so gar nicht meiner&#8230;.<\/p>\n<p><img loading=\"lazy\" alt=\"IMG 20190525 085140\" src=\"http:\/\/www.nopogobiker.de\/blog\/wp-content\/uploads\/2019\/05\/img_20190525_085140.jpg\" width=\"650\" height=\"487\" \/><\/p>\n<p><img loading=\"lazy\" alt=\"IMG 20190525 144736\" src=\"http:\/\/www.nopogobiker.de\/blog\/wp-content\/uploads\/2019\/05\/img_20190525_144736.jpg\" width=\"650\" height=\"487\" \/><\/p>\n","protected":false},"excerpt":{"rendered":"<p>Gestern waren Julia und ich beim Gran Fondo Andy Schleck in Luxemburg. Hier trafen wir noch zwei Teamkollegen und bei bestem Wetter ging es auf die gro\u00c3\u0178e Runde. Bei mir lief es sehr gut. Ich hatte Bedenken, da die letzte &hellip; <a href=\"http:\/\/www.nopogobiker.de\/blog\/andy-schleck-gran-fondo\/\">Continue reading <span class=\"meta-nav\">&rarr;<\/span><\/a><\/p>\n","protected":false},"author":1,"featured_media":0,"comment_status":"open","ping_status":"open","sticky":false,"template":"","format":"standard","meta":[],"categories":[3],"tags":[],"_links":{"self":[{"href":"http:\/\/www.nopogobiker.de\/blog\/wp-json\/wp\/v2\/posts\/4390"}],"collection":[{"href":"http:\/\/www.nopogobiker.de\/blog\/wp-json\/wp\/v2\/posts"}],"about":[{"href":"http:\/\/www.nopogobiker.de\/blog\/wp-json\/wp\/v2\/types\/post"}],"author":[{"embeddable":true,"href":"http:\/\/www.nopogobiker.de\/blog\/wp-json\/wp\/v2\/users\/1"}],"replies":[{"embeddable":true,"href":"http:\/\/www.nopogobiker.de\/blog\/wp-json\/wp\/v2\/comments?post=4390"}],"version-history":[{"count":1,"href":"http:\/\/www.nopogobiker.de\/blog\/wp-json\/wp\/v2\/posts\/4390\/revisions"}],"predecessor-version":[{"id":4391,"href":"http:\/\/www.nopogobiker.de\/blog\/wp-json\/wp\/v2\/posts\/4390\/revisions\/4391"}],"wp:attachment":[{"href":"http:\/\/www.nopogobiker.de\/blog\/wp-json\/wp\/v2\/media?parent=4390"}],"wp:term":[{"taxonomy":"category","embeddable":true,"href":"http:\/\/www.nopogobiker.de\/blog\/wp-json\/wp\/v2\/categories?post=4390"},{"taxonomy":"post_tag","embeddable":true,"href":"http:\/\/www.nopogobiker.de\/blog\/wp-json\/wp\/v2\/tags?post=4390"}],"curies":[{"name":"wp","href":"https:\/\/api.w.org\/{rel}","templated":true}]}}